{"id":8601,"date":"2023-04-14T17:17:49","date_gmt":"2023-04-14T17:17:49","guid":{"rendered":"https:\/\/moverdb.com\/?p=8601"},"modified":"2023-10-22T08:31:27","modified_gmt":"2023-10-22T08:31:27","slug":"size-of-the-homes-of-world-heads-of-state","status":"publish","type":"post","link":"https:\/\/moverdb.com\/cs\/size-of-the-homes-of-world-heads-of-state\/","title":{"rendered":"Velikost dom\u016f hlav st\u00e1t\u016f sv\u011bta a guvern\u00e9r\u016f st\u00e1t\u016f USA"},"content":{"rendered":"<p><img loading=\"lazy\" decoding=\"async\" class=\"alignnone size-full wp-image-8602\" src=\"https:\/\/moverdb.com\/wp-content\/uploads\/Header_The-Homes-of-Heads-of-State.png\" alt=\"\" width=\"2400\" height=\"960\" data-wp-pid=\"8602\" srcset=\"https:\/\/moverdb.com\/wp-content\/uploads\/Header_The-Homes-of-Heads-of-State.png 2400w, https:\/\/moverdb.com\/wp-content\/uploads\/Header_The-Homes-of-Heads-of-State-300x120.png 300w, https:\/\/moverdb.com\/wp-content\/uploads\/Header_The-Homes-of-Heads-of-State-1024x410.png 1024w, https:\/\/moverdb.com\/wp-content\/uploads\/Header_The-Homes-of-Heads-of-State-1536x614.png 1536w, https:\/\/moverdb.com\/wp-content\/uploads\/Header_The-Homes-of-Heads-of-State-2048x819.png 2048w, https:\/\/moverdb.com\/wp-content\/uploads\/Header_The-Homes-of-Heads-of-State-18x7.png 18w, https:\/\/moverdb.com\/wp-content\/uploads\/Header_The-Homes-of-Heads-of-State-600x240.png 600w\" sizes=\"auto, (max-width: 2400px) 100vw, 2400px\" \/><\/p>\n<p><a href=\"https:\/\/youtu.be\/kGVappxIbHM\" target=\"_blank\" rel=\"noopener\"><span style=\"color: #0563c1\"><span style=\"font-family: , sans-serif\"><span lang=\"en-US\"><u>Hlavy st\u00e1t\u016f<\/u><\/span><\/span><\/span><\/a><span style=\"font-family: , sans-serif\"><span lang=\"en-US\"> hraj\u00ed symbolickou roli jako p\u0159edstavitel\u00e9 zem\u011b, kterou vedou. Jejich domovy by m\u011bly b\u00fdt vhodn\u00e9 pro kr\u00e1le, prezidenta nebo nejvy\u0161\u0161\u00edho p\u0159edstavitele a je v n\u00e1rodn\u00edm z\u00e1jmu, aby toto s\u00eddlo zt\u011bles\u0148ovalo identitu, hodnoty a ambice jejich zem\u011b.<\/span><\/span><\/p>\n<p>Proto jsou tyto domy \u010dasto velk\u00e9 a ok\u00e1zal\u00e9.<\/p>\n<p><span lang=\"en-US\">P\u0159esto jsou ve sv\u011bt\u011b obrovsk\u00e9 rozd\u00edly ve velikosti, a to i p\u0159es ur\u010ditou velkolepost m\u011b\u0159\u00edtka. N\u011bkter\u00e9 zem\u011b jsou omezeny prostorem nebo pen\u011bzi, aby mohly um\u00edstit sv\u00e9 pal\u00e1ce uprost\u0159ed rozlehl\u00fdch panstv\u00ed, zat\u00edmco jin\u00e9 se dr\u017e\u00ed na des\u00edtk\u00e1ch tis\u00edc metr\u016f.<\/span><sup><span lang=\"en-US\">2<\/span><\/sup><span lang=\"en-US\"> ze smyslu pro slu\u0161nost a skromnost.<\/span><\/p>\n<p><span style=\"font-family: , sans-serif\"><span lang=\"en-US\">Nap\u0159\u00edklad stejn\u011b jako kr\u00e1l Karel III. se rozhodl pro \"<\/span><\/span><a href=\"https:\/\/www.newsweek.com\/why-king-charles-wearing-crown-new-stamps-1779679\" target=\"_blank\" rel=\"noopener\"><span style=\"color: #0563c1\"><span style=\"font-family: , sans-serif\"><span lang=\"en-US\"><u>velmi lidsk\u00e9<\/u><\/span><\/span><\/span><\/a><span style=\"font-family: , sans-serif\"><span lang=\"en-US\">\" bez ozdob a korunky pro sv\u00e9 nov\u00e9 po\u0161tovn\u00ed zn\u00e1mky si za sv\u00e9 s\u00eddlo zvolil m\u011bstsk\u00fd d\u016fm Clarence House, nikoli Buckinghamsk\u00fd pal\u00e1c. T\u00edm se jeho \"modern\u00ed kr\u00e1lovsk\u00e1\" image p\u0159ibl\u00ed\u017eila image b\u011b\u017en\u00fdch lid\u00ed a vypad\u00e1 tak ekonomicky \"probuzen\u00fd\", jak jen to jde u \u010dlov\u011bka, jeho\u017e <\/span><\/span><a href=\"https:\/\/www.hellomagazine.com\/royalty\/20230206163658\/king-charles-coronation-st-edwards-crown\/\" target=\"_blank\" rel=\"noopener\"><span style=\"color: #0563c1\"><span style=\"font-family: , sans-serif\"><span lang=\"en-US\"><u>klobouk<\/u><\/span><\/span><\/span><\/a><span style=\"font-family: , sans-serif\"><span lang=\"en-US\"> obsahuje \"rub\u00edny, saf\u00edry, perly, turmal\u00edny, topasy, rub\u00edny, ametysty, gran\u00e1ty a akvamar\u00edny\" a kdo pravd\u011bpodobn\u011b <\/span><\/span><a href=\"https:\/\/inews.co.uk\/news\/queen-wealth-what-happens-fortunte-charles-inherits-private-estate-1845657\" target=\"_blank\" rel=\"noopener\"><span style=\"color: #0563c1\"><span style=\"font-family: , sans-serif\"><span lang=\"en-US\"><u>ze\u010dty\u0159n\u00e1sobil<\/u><\/span><\/span><\/span><\/a><span style=\"font-family: , sans-serif\"><span lang=\"en-US\"> 100 milion\u016f liber, kdy\u017e zd\u011bdil tr\u016fn a bohatstv\u00ed kr\u00e1lovny Al\u017eb\u011bty.<\/span><\/span><\/p>\n<p><span style=\"font-family: , sans-serif\"><span lang=\"en-US\">\u0160ejk Mohamed bin Zayed Al Nahyan mezit\u00edm relaxuje v <a href=\"https:\/\/moverdb.com\/cs\/moving-to-the-uae\/\" data-internallinksmanager029f6b8e52c=\"329\" title=\"St\u011bhujete se do Spojen\u00fdch arabsk\u00fdch emir\u00e1t\u016f (SAE)? 2024 \u017divotn\u00ed n\u00e1klady a tipy na st\u011bhov\u00e1n\u00ed\">SAE<\/a>1,5 milionu m<\/span><\/span><sup><span style=\"font-family: , sans-serif\"><span lang=\"en-US\">2<\/span><\/span><\/sup><span style=\"font-family: , sans-serif\"><span lang=\"en-US\"> Pal\u00e1c Qasr Al Watan uprost\u0159ed \"<\/span><\/span><a href=\"https:\/\/www.timeoutabudhabi.com\/attractions\/attractions-features\/451183-everything-you-need-to-know-about-qasr-al-watan-in-abu-dhabi\" target=\"_blank\" rel=\"noopener\"><span style=\"color: #0563c1\"><span style=\"font-family: , sans-serif\"><span lang=\"en-US\"><u>149 000 unik\u00e1tn\u00edch kus\u016f st\u0159\u00edbra, k\u0159i\u0161\u0165\u00e1lu a porcel\u00e1nu<\/u><\/span><\/span><\/span><\/a><span style=\"font-family: , sans-serif\"><span lang=\"en-US\">\" a 12tunov\u00fd lustr s 350 000 krystaly. Je to \"jedine\u010dn\u00e9 sv\u011bdectv\u00ed ducha lidu Spojen\u00fdch arabsk\u00fdch emir\u00e1t\u016f a jejich v\u016fdc\u016f\", uv\u00e1d\u00ed se v \u010dl\u00e1nku. <\/span><\/span><a href=\"https:\/\/www.qasralwatan.ae\/\" target=\"_blank\" rel=\"noopener\"><span style=\"color: #0563c1\"><span style=\"font-family: , sans-serif\"><span lang=\"en-US\"><u>ofici\u00e1ln\u00ed propagace<\/u><\/span><\/span><\/span><\/a><span style=\"font-family: , sans-serif\"><span lang=\"en-US\">, co\u017e by lid\u00e9 m\u011bli pravd\u011bpodobn\u011b br\u00e1t jako kompliment.<\/span><\/span><\/p>\n<p><a href=\"https:\/\/moverdb.com\/cs\/\"><span style=\"color: #0563c1\"><span style=\"font-family: , sans-serif\"><span lang=\"en-US\"><u>MoverDB.com<\/u><\/span><\/span><\/span><\/a><span style=\"font-family: , sans-serif\"><span lang=\"en-US\"> cht\u011bl sledovat tyto velk\u00e9 rozd\u00edly v hodnot\u00e1ch a plo\u0161e po cel\u00e9m sv\u011bt\u011b. Proto jsme zmapovali velikost ofici\u00e1ln\u00edch dom\u016f hlav t\u00e9m\u011b\u0159 60 zem\u00ed a tak\u00e9 dom\u016f guvern\u00e9r\u016f v\u0161ech americk\u00fdch st\u00e1t\u016f.<\/span><\/span><br \/>\n&nbsp;<\/p>\n<h3>Co jsme ud\u011blali<\/h3>\n<p><a href=\"https:\/\/moverdb.com\/cs\/\"><span style=\"color: #0563c1\"><span style=\"font-family: , sans-serif\"><span lang=\"en-US\"><u>MoverDB.com<\/u><\/span><\/span><\/span><\/a><span style=\"font-family: , sans-serif\"><span lang=\"en-US\"> pou\u017eil ve\u0159ejn\u00e9 zdroje nebo odhady Google Maps, aby z\u00edskal rozm\u011bry (v metrech \u010dtvere\u010dn\u00edch) ofici\u00e1ln\u00edch rezidenc\u00ed hlav st\u00e1t\u016f v 58 r\u016fzn\u00fdch zem\u00edch a 31 st\u00e1tech USA s dostupn\u00fdmi \u00fadaji. Vych\u00e1zeli jsme p\u0159itom z velikosti plochy cel\u00e9ho komplexu nebo s\u00eddla. U hlav st\u00e1t\u016f s v\u00edce ne\u017e jedn\u00edm ofici\u00e1ln\u00edm s\u00eddlem jsme vybrali nemovitost, o kter\u00e9 je zn\u00e1mo, \u017ee v n\u00ed \u017eij\u00ed v\u011bt\u0161inu \u010dasu.<\/span><\/span><br \/>\n&nbsp;<\/p>\n<h4>Kl\u00ed\u010dov\u00e1 zji\u0161t\u011bn\u00ed<\/h4>\n<ul>\n<li><span style=\"font-family: , sans-serif\"><span lang=\"en-US\"><b><a href=\"https:\/\/moverdb.com\/cs\/moving-to-china\/\" data-internallinksmanager029f6b8e52c=\"357\" title=\"St\u011bhov\u00e1n\u00ed do \u010c\u00edny? 2026 N\u00e1klady na bydlen\u00ed a tipy na st\u011bhov\u00e1n\u00ed\">\u010c\u00edna<\/a>'s<\/b><\/span><span lang=\"en-US\"> Prezident Si \u0164in-pching \u017eije v <\/span><span lang=\"en-US\"><b>Zhongnanhai<\/b><\/span><span lang=\"en-US\"> komplex v Pekingu, kter\u00fd na <\/span><span lang=\"en-US\"><b>3,439,830 m<\/b><\/span><sup><span lang=\"en-US\"><b>2<\/b><\/span><\/sup><span lang=\"en-US\">, je <\/span><span lang=\"en-US\"><b>nejv\u011bt\u0161\u00ed domov<\/b><\/span><span lang=\"en-US\"> jak\u00e9hokoli <\/span><span lang=\"en-US\"><b>hlava st\u00e1tu<\/b><\/span><span lang=\"en-US\">.<\/span><\/span><\/li>\n<li><b>Sedm<\/b><span lang=\"en-US\" style=\"font-family: , sans-serif\"> o <\/span><span lang=\"en-US\" style=\"font-family: , sans-serif\"><b>deset<\/b><\/span> <span lang=\"en-US\" style=\"font-family: , sans-serif\"><b>sv\u011btov\u00ed l\u00edd\u0159i<\/b><\/span><span lang=\"en-US\" style=\"font-family: , sans-serif\"> s <\/span><span lang=\"en-US\" style=\"font-family: , sans-serif\"><b>nejv\u011bt\u0161\u00ed domy<\/b><\/span><span lang=\"en-US\" style=\"font-family: , sans-serif\"> jsou v zem\u00edch v <\/span><span lang=\"en-US\" style=\"font-family: , sans-serif\"><b>Asia<\/b><\/span><span lang=\"en-US\" style=\"font-family: , sans-serif\"> a <\/span><span lang=\"en-US\" style=\"font-family: , sans-serif\"><b>Bl\u00edzk\u00fd v\u00fdchod<\/b><\/span><span lang=\"en-US\" style=\"font-family: , sans-serif\">.<\/span><\/li>\n<li><b>Kr\u00e1l Karel III.<\/b><span lang=\"en-US\" style=\"font-family: , sans-serif\"> hlavn\u00ed domov <\/span><span lang=\"en-US\" style=\"font-family: , sans-serif\"><b>Clarence House<\/b><\/span><span lang=\"en-US\" style=\"font-family: , sans-serif\"> je \"jen <\/span><span lang=\"en-US\" style=\"font-family: , sans-serif\"><b>2,646 m<\/b><\/span><sup style=\"font-family: , sans-serif\"><span lang=\"en-US\"><b>2<\/b><\/span><\/sup><span lang=\"en-US\" style=\"font-family: , sans-serif\">... <\/span><span lang=\"en-US\" style=\"font-family: , sans-serif\"><b>druh\u00fd nejmen\u0161\u00ed<\/b><\/span><span lang=\"en-US\" style=\"font-family: , sans-serif\"> hlavy st\u00e1tu v na\u0161\u00ed studii.<\/span><\/li>\n<li><b><a href=\"https:\/\/moverdb.com\/cs\/moving-to-the-united-states\/moving-to-kansas\/\" data-internallinksmanager029f6b8e52c=\"464\" title=\"St\u011bhov\u00e1n\u00ed do Kansasu? 2024 N\u00e1klady na bydlen\u00ed a tipy na p\u0159est\u011bhov\u00e1n\u00ed\">Kansas<\/a>'s<\/b> <span lang=\"en-US\" style=\"font-family: , sans-serif\"><b>Guvern\u00e9r st\u00e1tu<\/b><\/span><span lang=\"en-US\" style=\"font-family: , sans-serif\"> Laura Kelly \u017eije v <\/span><span lang=\"en-US\" style=\"font-family: , sans-serif\"><b>846,966 m<\/b><\/span><sup style=\"font-family: , sans-serif\"><span lang=\"en-US\"><b>2<\/b><\/span><\/sup><span lang=\"en-US\" style=\"font-family: , sans-serif\"> S\u00eddlo Cedar Crest, kter\u00e9 je <\/span><span lang=\"en-US\" style=\"font-family: , sans-serif\"><b>11,6kr\u00e1t v\u011bt\u0161\u00ed<\/b><\/span><span lang=\"en-US\" style=\"font-family: , sans-serif\"> ne\u017e domov jak\u00e9hokoli jin\u00e9ho guvern\u00e9ra st\u00e1tu.<\/span><\/li>\n<\/ul>\n<p>&nbsp;<\/p>\n<h3>D\u011btsk\u00e1 post\u00fdlka \u010d\u00ednsk\u00e9ho prezidenta se rovn\u00e1 500 fotbalov\u00fdm h\u0159i\u0161t\u00edm<\/h3>\n<p style=\"text-align: left\"><span style=\"font-family: , sans-serif\"><span lang=\"en-US\">N\u00e1sleduj\u00edc\u00ed tabulka ukazuje 25 nejv\u011bt\u0161\u00edch st\u00e1tn\u00edch dom\u016f na sv\u011bt\u011b (celou tabulku s \u00fadaji si m\u016f\u017eete prohl\u00e9dnout n\u00ed\u017ee), ale u\u017e jen to nazna\u010duje rozd\u00edly ve velikosti dom\u016f po cel\u00e9m sv\u011bt\u011b. Nejen\u017ee \u010d\u00ednsk\u00fd historick\u00fd komplex Zhongnanhai je v\u00edce ne\u017e dvakr\u00e1t v\u011bt\u0161\u00ed ne\u017e pal\u00e1c Drottningholm, kter\u00fd je na druh\u00e9m m\u00edst\u011b v \u017eeb\u0159\u00ed\u010dku <a href=\"https:\/\/moverdb.com\/cs\/moving-to-denmark\/\" data-internallinksmanager029f6b8e52c=\"335\" title=\"St\u011bhov\u00e1n\u00ed do D\u00e1nska? 2026 N\u00e1klady na bydlen\u00ed a tipy na st\u011bhov\u00e1n\u00ed\">D\u00e1nsko<\/a>, ale Drottningholm je t\u00e9m\u011b\u0159 dvacetkr\u00e1t v\u011bt\u0161\u00ed ne\u017e Elysejsk\u00fd pal\u00e1c, kde s\u00eddl\u00ed francouzsk\u00fd prezident Emmanuel Macron. S rozlohou 1 624 290 m<\/span><sup><span lang=\"en-US\">2<\/span><\/sup><span lang=\"en-US\">\u0161v\u00e9dsk\u00e9ho kr\u00e1le Carla XVI Gustafa m\u00e1 rozlohu zhruba 230 fotbalov\u00fdch h\u0159i\u0161\u0165.<\/span><\/span><\/p>\n<p style=\"text-align: center\"><a href=\"https:\/\/moverdb.com\/wp-content\/uploads\/01_The-Top-25-Largest-Head-of-State-Homes-1.png\" target=\"_blank\" rel=\"noopener\"><img loading=\"lazy\" decoding=\"async\" class=\"wp-image-8925 size-full aligncenter\" src=\"https:\/\/moverdb.com\/wp-content\/uploads\/01_The-Top-25-Largest-Head-of-State-Homes-1.png\" alt=\"\" width=\"2400\" height=\"7377\" data-wp-pid=\"8663\" srcset=\"https:\/\/moverdb.com\/wp-content\/uploads\/01_The-Top-25-Largest-Head-of-State-Homes-1.png 2400w, https:\/\/moverdb.com\/wp-content\/uploads\/01_The-Top-25-Largest-Head-of-State-Homes-1-98x300.png 98w, https:\/\/moverdb.com\/wp-content\/uploads\/01_The-Top-25-Largest-Head-of-State-Homes-1-333x1024.png 333w, https:\/\/moverdb.com\/wp-content\/uploads\/01_The-Top-25-Largest-Head-of-State-Homes-1-500x1536.png 500w, https:\/\/moverdb.com\/wp-content\/uploads\/01_The-Top-25-Largest-Head-of-State-Homes-1-666x2048.png 666w, https:\/\/moverdb.com\/wp-content\/uploads\/01_The-Top-25-Largest-Head-of-State-Homes-1-4x12.png 4w, https:\/\/moverdb.com\/wp-content\/uploads\/01_The-Top-25-Largest-Head-of-State-Homes-1-521x1600.png 521w\" sizes=\"auto, (max-width: 2400px) 100vw, 2400px\" \/><\/a><br \/>\n<a href=\"https:\/\/moverdb.com\/wp-content\/uploads\/01_The-Top-25-Largest-Head-of-State-Homes-1.png\" target=\"_blank\" rel=\"noopener\"><em>Kliknut\u00edm sem zobraz\u00edte obr\u00e1zek v pln\u00e9 velikosti<\/em><\/a><\/p>\n<p><span style=\"font-family: , sans-serif\"><span lang=\"en-US\">A co Zhongnanhai? V t\u00e9to b\u00fdval\u00e9 c\u00edsa\u0159sk\u00e9 zahrad\u011b s\u00eddl\u00ed prezident \u010c\u00ednsk\u00e9 lidov\u00e9 republiky Si \u0164in-pching, i kdy\u017e nem\u00e1 budovy jen pro sebe: slou\u017e\u00ed tak\u00e9 jako \u00fast\u0159edn\u00ed s\u00eddlo Komunistick\u00e9 strany \u010c\u00edny (KS \u010c\u00edny) a vl\u00e1dy. Ji\u017e za dynastie \u0164in (1115-1235) zde st\u00e1l pal\u00e1c a od t\u00e9 doby se na m\u00edst\u011b nach\u00e1zej\u00ed tak\u00e9 dv\u011b um\u011bl\u00e1 jezera. Hodnota cel\u00e9ho komplexu se odhaduje na zhruba <\/span><\/span><a href=\"https:\/\/www.businessinsider.com\/hatched-most-valuable-residences-of-g20-world-leaders-2016-12\" target=\"_blank\" rel=\"noopener\"><span style=\"color: #0563c1\"><span style=\"font-family: , sans-serif\"><span lang=\"en-US\"><u>\u00a331,379,573,988<\/u><\/span><\/span><\/span><\/a><span style=\"font-family: , sans-serif\"><span lang=\"en-US\">, ale o Si \u0164in-pchingov\u011b v\u00fdb\u011bru interi\u00e9r\u016f existuje jen m\u00e1lo informac\u00ed.<\/span><\/span><\/p>\n<p>&nbsp;<\/p>\n<h3>Kr\u00e1l Karel III. polo\u017eil klobouk za 3,7 milionu liber ve skromn\u00e9m dom\u011b<\/h3>\n<p><span style=\"font-family: , sans-serif\"><span lang=\"en-US\">The <a href=\"https:\/\/moverdb.com\/cs\/moving-to-the-uk\/\" data-internallinksmanager029f6b8e52c=\"93\" title=\"St\u011bhujete se do Spojen\u00e9ho kr\u00e1lovstv\u00ed? 2022 \u017divotn\u00ed n\u00e1klady a tipy na st\u011bhov\u00e1n\u00ed\">UK<\/a> je <\/span><\/span><a href=\"https:\/\/www.royal.uk\/role-monarchy\" target=\"_blank\" rel=\"noopener\"><span style=\"color: #0563c1\"><span style=\"font-family: , sans-serif\"><span lang=\"en-US\"><u>konstitu\u010dn\u00ed monarchie<\/u><\/span><\/span><\/span><\/a><span style=\"font-family: , sans-serif\"><span lang=\"en-US\">, co\u017e znamen\u00e1, \u017ee n\u00e1\u0161 kr\u00e1l nebo kr\u00e1lovna je hlavou st\u00e1tu a dost\u00e1v\u00e1 obrovskou post\u00fdlku, ale nem\u00e1 \u017e\u00e1dnou politickou moc (zat\u00edmco zvolen\u00ed poslanci vykon\u00e1vaj\u00ed ve\u0161kerou t\u011b\u017ekou legislativn\u00ed pr\u00e1ci a mus\u00ed <\/span><\/span><a href=\"https:\/\/householdquotes.co.uk\/reimagining-the-simpsons-house\/\" target=\"_blank\" rel=\"noopener\"><span style=\"color: #0563c1\"><span style=\"font-family: , sans-serif\"><span lang=\"en-US\"><u>vytvo\u0159it domov<\/u><\/span><\/span><\/span><\/a><span style=\"font-family: , sans-serif\"><span lang=\"en-US\"> na z\u00e1klad\u011b platu ve v\u00fd\u0161i <\/span><\/span><a href=\"https:\/\/www.parliament.uk\/about\/mps-and-lords\/members\/pay-mps\/\" target=\"_blank\" rel=\"noopener\"><span style=\"color: #0563c1\"><span style=\"font-family: , sans-serif\"><span lang=\"en-US\"><u>84 144 GBP plus n\u00e1klady na bydlen\u00ed<\/u><\/span><\/span><\/span><\/a><span style=\"font-family: , sans-serif\"><span lang=\"en-US\">.) P\u0159esto, <\/span><\/span><a href=\"https:\/\/www.express.co.uk\/life-style\/style\/1536855\/Queen-Elizabeth-ii-crown-jewels-worth-cost-Coronation-St-Edwards-crown\" target=\"_blank\" rel=\"noopener\"><span style=\"color: #0563c1\"><span style=\"font-family: , sans-serif\"><span lang=\"en-US\"><u>Kr\u00e1l Karel III.<\/u><\/span><\/span><\/span><\/a><span style=\"font-family: , sans-serif\"><span lang=\"en-US\"> se rozhodl \u017e\u00edt v relativn\u011b skromn\u00e9m Clarence House, kter\u00fd byl domovem kr\u00e1lovny matky t\u00e9m\u011b\u0159 po celou dobu jej\u00edho \u017eivota. <\/span><\/span><a href=\"https:\/\/www.rct.uk\/visit\/clarence-house\" target=\"_blank\" rel=\"noopener\"><span style=\"color: #0563c1\"><span style=\"font-family: , sans-serif\"><span lang=\"en-US\"><u>50 let<\/u><\/span><\/span><\/span><\/a><span style=\"font-family: , sans-serif\"><span lang=\"en-US\">a kter\u00e1 nen\u00ed dostate\u010dn\u011b velk\u00e1 na to, aby se Spojen\u00e9 kr\u00e1lovstv\u00ed dostalo do prvn\u00ed dvac\u00edtky. V na\u0161ich \u00fadaj\u00edch si v\u0161ak zachov\u00e1v\u00e1 v\u00fdznamn\u00e9 zastoupen\u00ed, nebo\u0165 Charles je nomin\u00e1ln\u00edm \u0161\u00e9fem 15 kr\u00e1lovstv\u00ed Commonwealthu. V n\u00e1sleduj\u00edc\u00ed tabulce m\u016f\u017eete vyhled\u00e1vat a t\u0159\u00eddit velikosti domov\u016f hlav st\u00e1t\u016f a guvern\u00e9r\u016f st\u00e1t\u016f USA. <\/span><\/span><\/p>\n<div style=\"max-width:100%;margin:auto\"><script src=\"https:\/\/embed.neomam.com\/iframeResizer.min.js\"><\/script><iframe src=\"https:\/\/embed.neomam.com\/heads-of-state-homes\/\" width=\"100%\" frameborder=\"0\" onload=\"iFrameResize({checkOrigin:false})\"><\/iframe><\/div>\n<p><span style=\"font-family: , sans-serif\"><span lang=\"en-US\"><span style=\"font-weight: 400\">I kdyby m\u011bl Karel pro ka\u017edou zemi, v jej\u00edm\u017e \u010dele stoj\u00ed, s\u00eddlo o velikosti Clarence House, stejn\u011b by ho v\u00edce ne\u017e polovina l\u00eddr\u016f z na\u0161\u00ed studie p\u0159ev\u00e1lcovala a jen t\u011bsn\u011b by porazila. <a href=\"https:\/\/moverdb.com\/cs\/moving-companies\/moving-companies-kazakhstan\/\" data-internallinksmanager029f6b8e52c=\"306\" title=\"3 Nejlep\u0161\u00ed mezin\u00e1rodn\u00ed st\u011bhovac\u00ed spole\u010dnosti v Kazachst\u00e1nu\">Kazachst\u00e1n<\/a>prezidenta Qasym-Zhomart Toqaev, jeho\u017e<\/span><a href=\"https:\/\/www.akorda.kz\/en\/republic_of_kazakhstan\/akorda\" target=\"_blank\" rel=\"noopener\"> <span style=\"font-weight: 400\">Ak Orda<\/span><\/a><span style=\"font-weight: 400\"> Prezidentsk\u00fd pal\u00e1c m\u00e1 rozlohu o n\u011bco men\u0161\u00ed ne\u017e 15 Clarence Houses. Charles m\u00e1 v\u0161ak v\u017edy mezi sv\u00fdmi pal\u00e1ci nedalek\u00fd Buckinghamsk\u00fd pal\u00e1c nebo skotsk\u00fd Birkhall.<\/span><a href=\"https:\/\/www.lbc.co.uk\/news\/explained\/where-does-king-charles-queen-consort-camilla-live\/\" target=\"_blank\" rel=\"noopener\"> <span style=\"font-weight: 400\">mo\u017enosti<\/span><\/a><span style=\"font-weight: 400\"> pokud v\u00e1m za\u010dne b\u00fdt kolem 2 646 m t\u011bsno.<\/span><span style=\"font-weight: 400\">2<\/span><span style=\"font-weight: 400\"> b\u00fdval\u00e9ho domu jeho babi\u010dky.<\/span><\/span><\/span><\/p>\n<div style=\"max-width: 100%;margin: auto\">\n<h2><span style=\"font-family: , sans-serif\"><span lang=\"en-US\"><br \/>\nGuvern\u00e9r st\u00e1tu Kansas si u\u017e\u00edv\u00e1 nejv\u011bt\u0161\u00edho majetku s nejmen\u0161\u00edm domem<br \/>\n<\/span><\/span><\/h2>\n<\/div>\n<p><span style=\"font-family: , sans-serif\"><span lang=\"en-US\">Americk\u00fd prezident m\u00e1 sice nejslavn\u011bj\u0161\u00ed d\u016fm ze v\u0161ech hlav st\u00e1t\u016f, ale p\u0159i 72 843 m<\/span><\/span><sup><span style=\"font-family: , sans-serif\"><span lang=\"en-US\">2<\/span><\/span><\/sup><span style=\"font-family: , sans-serif\"><span lang=\"en-US\">... <\/span><\/span><a href=\"https:\/\/www.whitehouse.gov\/about-the-white-house\/the-grounds\/the-white-house\/\" target=\"_blank\" rel=\"noopener\"><span style=\"color: #0563c1\"><span style=\"font-family: , sans-serif\"><span lang=\"en-US\"><u>B\u00edl\u00fd d\u016fm<\/u><\/span><\/span><\/span><\/a><span style=\"font-family: , sans-serif\"><span lang=\"en-US\"> nen\u00ed zdaleka nejv\u011bt\u0161\u00ed (p\u0159esto je \"kuchyn\u011b B\u00edl\u00e9ho domu schopna serv\u00edrovat ve\u010de\u0159i a\u017e pro 140 host\u016f a p\u0159edkrmy pro v\u00edce ne\u017e 1000 host\u016f\"). P\u0159inejmen\u0161\u00edm m\u016f\u017ee vl\u00e1dnout nad v\u011bt\u0161inou <\/span><\/span><a href=\"https:\/\/www.businessinsider.com\/governors-mansions-in-the-us-photos-2019-8?r=US&amp;IR=T\" target=\"_blank\" rel=\"noopener\"><span style=\"color: #0563c1\"><span style=\"font-family: , sans-serif\"><span lang=\"en-US\"><u>45<\/u><\/span><\/span><\/span><\/a><span style=\"font-family: , sans-serif\"><span lang=\"en-US\"> Guvern\u00e9\u0159i americk\u00fdch st\u00e1t\u016f s ofici\u00e1ln\u00edmi domy. <a href=\"https:\/\/moverdb.com\/cs\/moving-to-the-united-states\/moving-to-arizona\/\" data-internallinksmanager029f6b8e52c=\"385\" title=\"St\u011bhujete se do Arizony? 2026 N\u00e1klady na bydlen\u00ed a tipy na st\u011bhov\u00e1n\u00ed\">Arizona<\/a>, <a href=\"https:\/\/moverdb.com\/cs\/moving-to-the-united-states\/moving-to-idaho\/\" data-internallinksmanager029f6b8e52c=\"405\" title=\"St\u011bhujete se do Idaha? 2026 N\u00e1klady na bydlen\u00ed a tipy na st\u011bhov\u00e1n\u00ed\">Idaho<\/a>, <a href=\"https:\/\/moverdb.com\/cs\/moving-to-the-united-states\/moving-to-massachusetts\/\" data-internallinksmanager029f6b8e52c=\"412\" title=\"St\u011bhujete se do Massachusetts? 2026 N\u00e1klady na bydlen\u00ed a tipy na st\u011bhov\u00e1n\u00ed\">Massachusetts<\/a>, <a href=\"https:\/\/moverdb.com\/cs\/moving-to-the-united-states\/moving-to-rhode-island\/\" data-internallinksmanager029f6b8e52c=\"450\" title=\"St\u011bhujete se na Rhode Island? 2024 N\u00e1klady na bydlen\u00ed a tipy na st\u011bhov\u00e1n\u00ed\">Rhode Island<\/a> a <a href=\"https:\/\/moverdb.com\/cs\/moving-to-the-united-states\/moving-to-vermont\/\" data-internallinksmanager029f6b8e52c=\"452\" title=\"St\u011bhujete se do Vermontu? 2024 N\u00e1klady na bydlen\u00ed a tipy na st\u011bhov\u00e1n\u00ed\">Vermont<\/a> nemaj\u00ed z r\u016fzn\u00fdch historick\u00fdch d\u016fvod\u016f aktivn\u00ed domovy guvern\u00e9r\u016f; Rhode Island prost\u011b nikdy nem\u011bl podn\u011bt k tomu, aby ho ur\u010dil, a b\u00fdval\u00fd guvern\u00e9r Arizony. <\/span><\/span><a href=\"https:\/\/arizonaagenda.substack.com\/p\/friday-q-and-a-why-doesnt-arizona\" target=\"_blank\" rel=\"noopener\"><span style=\"color: #0563c1\"><span style=\"font-family: , sans-serif\"><span lang=\"en-US\"><u>Bruce Babbitt<\/u><\/span><\/span><\/span><\/a><span style=\"font-family: , sans-serif\"><span lang=\"en-US\"> pot\u00e9, co se rozhodl \u017e\u00edt jinde, v\u011bnoval sv\u016fj na charitu.<\/span><\/span><\/p>\n<p><a href=\"https:\/\/moverdb.com\/wp-content\/uploads\/02_The-Top-20-Largest-US-State-Governor-Homes.png\"><img loading=\"lazy\" decoding=\"async\" class=\"aligncenter wp-image-8608 size-full\" src=\"https:\/\/moverdb.com\/wp-content\/uploads\/02_The-Top-20-Largest-US-State-Governor-Homes.png\" alt=\"\" width=\"2400\" height=\"6922\" data-wp-pid=\"8608\" srcset=\"https:\/\/moverdb.com\/wp-content\/uploads\/02_The-Top-20-Largest-US-State-Governor-Homes.png 2400w, https:\/\/moverdb.com\/wp-content\/uploads\/02_The-Top-20-Largest-US-State-Governor-Homes-104x300.png 104w, https:\/\/moverdb.com\/wp-content\/uploads\/02_The-Top-20-Largest-US-State-Governor-Homes-355x1024.png 355w, https:\/\/moverdb.com\/wp-content\/uploads\/02_The-Top-20-Largest-US-State-Governor-Homes-533x1536.png 533w, https:\/\/moverdb.com\/wp-content\/uploads\/02_The-Top-20-Largest-US-State-Governor-Homes-710x2048.png 710w, https:\/\/moverdb.com\/wp-content\/uploads\/02_The-Top-20-Largest-US-State-Governor-Homes-4x12.png 4w, https:\/\/moverdb.com\/wp-content\/uploads\/02_The-Top-20-Largest-US-State-Governor-Homes-555x1600.png 555w\" sizes=\"auto, (max-width: 2400px) 100vw, 2400px\" \/><\/a><\/p>\n<p style=\"text-align: center\"><em><a href=\"https:\/\/moverdb.com\/wp-content\/uploads\/02_The-Top-20-Largest-US-State-Governor-Homes.png\" target=\"_blank\" rel=\"noopener\">Kliknut\u00edm sem zobraz\u00edte obr\u00e1zek v pln\u00e9 velikosti<\/a><\/em><\/p>\n<p><span style=\"font-family: , sans-serif\"><span lang=\"en-US\">Prezidenta v\u0161ak p\u0159ev\u00e1lcovali dva z jeho vlastn\u00edch guvern\u00e9r\u016f. <a href=\"https:\/\/moverdb.com\/cs\/moving-to-the-united-states\/moving-to-georgia\/\" data-internallinksmanager029f6b8e52c=\"402\" title=\"St\u011bhov\u00e1n\u00ed do Gruzie? 2026 N\u00e1klady na bydlen\u00ed a tipy na p\u0159est\u011bhov\u00e1n\u00ed\">Georgia<\/a>Brian Kemp se t\u011b\u0161\u00ed z 73 000 m<\/span><\/span><sup><span style=\"font-family: , sans-serif\"><span lang=\"en-US\">2<\/span><\/span><\/sup> <a href=\"https:\/\/gov.georgia.gov\/governors-mansion\/history\" target=\"_blank\" rel=\"noopener\"><span style=\"color: #0563c1\"><span style=\"font-family: , sans-serif\"><span lang=\"en-US\"><u>\u0158eck\u00e9 obrozen\u00ed<\/u><\/span><\/span><\/span><\/a><span style=\"font-family: , sans-serif\"><span lang=\"en-US\">-a Laura Kelly z Kansasu se rozprost\u00edr\u00e1 na fenomen\u00e1ln\u00ed plo\u0161e 846 966 m n.m.<\/span><\/span><sup><span style=\"font-family: , sans-serif\"><span lang=\"en-US\">2<\/span><\/span><\/sup><span style=\"font-family: , sans-serif\"><span lang=\"en-US\"> stopa usedlosti Cedar Crest. Krut\u00fdm \u0159\u00edzen\u00edm osudu je v\u0161ak Cedar Crest nejv\u011bt\u0161\u00edm s\u00eddlem guvern\u00e9ra st\u00e1tu USA. <\/span><\/span><span style=\"font-family: , sans-serif\"><span lang=\"en-US\"><i>d\u016fvody<\/i><\/span><\/span><span style=\"font-family: , sans-serif\"><span lang=\"en-US\">, vlastn\u00ed budova je <\/span><\/span><a href=\"https:\/\/www.kshs.org\/kansapedia\/cedar-crest\/12005\" target=\"_blank\" rel=\"noopener\"><span style=\"color: #0563c1\"><span style=\"font-family: , sans-serif\"><span lang=\"en-US\"><u>nejmen\u0161\u00ed<\/u><\/span><\/span><\/span><\/a><span style=\"font-family: , sans-serif\"><span lang=\"en-US\">, na pouh\u00fdch 557 m<\/span><\/span><sup><span style=\"font-family: , sans-serif\"><span lang=\"en-US\">2<\/span><\/span><\/sup><span style=\"font-family: , sans-serif\"><span lang=\"en-US\">.<\/span><\/span><\/p>\n<h3>&nbsp;<\/h3>\n<h3>Pran\u00ed pr\u00e1dla s gener\u00e1ln\u00edm prokur\u00e1torem<\/h3>\n<p><span style=\"font-family: , sans-serif\"><span lang=\"en-US\">P\u0159i v\u00fdb\u011bru bydlen\u00ed sv\u011btov\u00fdch l\u00eddr\u016f se st\u0159et\u00e1vaj\u00ed r\u016fzn\u00e1 nap\u011bt\u00ed. Kr\u00e1lov\u00e9 a politici ur\u010dit\u00e9ho ra\u017een\u00ed mohou d\u00e1vat p\u0159ednost atmosf\u00e9\u0159e tradice, bohatstv\u00ed a moci, zat\u00edmco jin\u00ed se sna\u017e\u00ed ob\u010dany ujistit, \u017ee jsou skromn\u00ed a ch\u00e1pou tlaky ka\u017edodenn\u00edho \u017eivota. Joe Biden ned\u00e1vno <\/span><\/span><a href=\"https:\/\/www.whitehouse.gov\/briefing-room\/speeches-remarks\/2023\/03\/13\/remarks-by-president-biden-at-a-democratic-national-committee-reception-3\/\" target=\"_blank\" rel=\"noopener\"><span style=\"color: #0563c1\"><span style=\"font-family: , sans-serif\"><span lang=\"en-US\"><u>p\u0159ipomn\u011bl<\/u><\/span><\/span><\/span><\/a><span style=\"font-family: , sans-serif\"><span lang=\"en-US\"> p\u0159ed publikem a zd\u016fraznil, \u017ee v ml\u00e1d\u00ed \"bydlel v dom\u011b se t\u0159emi lo\u017enicemi, v patrov\u00e9m dom\u011b se \u010dty\u0159mi d\u011btmi a d\u011bde\u010dkem. A m\u011bli jsme se dob\u0159e. Bylo to v dob\u011b, kdy jsme rozv\u00edjeli p\u0159\u00edm\u011bstsk\u00e9 oblasti a stav\u011blo se 60 podobn\u00fdch dom\u016f.\"<\/span><\/span><\/p>\n<p><span style=\"font-family: , sans-serif\"><span lang=\"en-US\">Biden u\u017e sice nebydl\u00ed v dom\u011b na p\u0159edm\u011bst\u00ed, ale zn\u00e1m\u00fd obr\u00e1zek prezidenta za pracovn\u00edm stolem ilustruje dal\u0161\u00ed nap\u011bt\u00ed v srdci ofici\u00e1ln\u00edho s\u00eddla: pr\u00e1ce z domova m\u00e1 zcela nov\u00fd v\u00fdznam, kdy\u017e budovu sd\u00edl\u00edte s vl\u00e1dou. Z\u00edsk\u00e1te <\/span><\/span><a href=\"https:\/\/householdquotes.co.uk\/fit-for-a-queen\/\" target=\"_blank\" rel=\"noopener\"><span style=\"color: #0563c1\"><span style=\"font-family: , sans-serif\"><span lang=\"en-US\"><u>propracovan\u00fd domov<\/u><\/span><\/span><\/span><\/a><span style=\"font-family: , sans-serif\"><span lang=\"en-US\">a i ty nejmen\u0161\u00ed domy hlav st\u00e1t\u016f jsou v\u011bt\u0161\u00ed ne\u017e v\u011bt\u0161ina z nich. <a href=\"https:\/\/moverdb.com\/cs\/moving-to-the-united-states\/\" data-internallinksmanager029f6b8e52c=\"94\" title=\"St\u011bhujete se do Spojen\u00fdch st\u00e1t\u016f? 2022 \u017divotn\u00ed n\u00e1klady a tipy na st\u011bhov\u00e1n\u00ed\">n\u00e1s<\/a> ale stoj\u00ed to za ten kompromis?<\/span><\/span><\/p>\n<p>&nbsp;<\/p>\n<h4>METODIKA A ZDROJE<\/h4>\n<p><span style=\"font-family: , sans-serif\">V na\u0161em v\u00fdzkumu jsme se zab\u00fdvali ofici\u00e1ln\u00edmi rezidencemi hlav st\u00e1t\u016f nebo spoluhlav st\u00e1t\u016f v 58 r\u016fzn\u00fdch zem\u00edch a guvern\u00e9r\u016f st\u00e1t\u016f USA v 31 st\u00e1tech USA.<\/span><\/p>\n<p><span style=\"font-family: , sans-serif\">Provedli jsme desk research, abychom zjistili, kde budou od ledna 2023 \u017e\u00edt hlavy st\u00e1t\u016f ve 190 zem\u00edch a guvern\u00e9\u0159i v\u0161ech st\u00e1t\u016f USA. V n\u011bkter\u00fdch p\u0159\u00edpadech m\u016f\u017ee m\u00edt hlava st\u00e1tu a jej\u00ed rodina v\u00edce ne\u017e jedno ofici\u00e1ln\u00ed s\u00eddlo, proto jsme vybrali nemovitost, o kter\u00e9 je zn\u00e1mo, \u017ee v n\u00ed \u017eije bu\u010f na pln\u00fd \u00favazek, nebo nejd\u00e9le v pr\u016fb\u011bhu roku.<\/span><\/p>\n<p><span style=\"font-family: , sans-serif\">Pro ka\u017ed\u00fd d\u016fm jsme shrom\u00e1\u017edili rozm\u011bry, kter\u00e9 byly zve\u0159ejn\u011bny ve zpravodajsk\u00fdch \u010dl\u00e1nc\u00edch, na realitn\u00edch webech, na architektonick\u00fdch webech nebo odhadnuty pomoc\u00ed m\u011b\u0159en\u00ed v Map\u00e1ch Google. V\u0161echny domy, u nich\u017e \u00fadaje bu\u010f nebyly zve\u0159ejn\u011bny, nebo byly nejednozna\u010dn\u00e9 v tom, co m\u011b\u0159ily, nebo se t\u00fdkaly pouze velikosti budovy, byly z na\u0161eho kone\u010dn\u00e9ho souboru dat odstran\u011bny.<\/span><\/p>\n<p><span style=\"font-family: , sans-serif\"><span lang=\"en-US\">Rozm\u011bry p\u0159edstavuj\u00ed velikost cel\u00e9ho pozemku nebo komplexu v metrech \u010dtvere\u010dn\u00edch (m<\/span><sup><span lang=\"en-US\">2<\/span><\/sup><span lang=\"en-US\">) pozemku, na n\u011bm\u017e je rezidence postavena, kter\u00fd m\u016f\u017ee zahrnovat tak\u00e9 zahrady, lesy, n\u00e1dvo\u0159\u00ed a dal\u0161\u00ed pal\u00e1ce a budovy v r\u00e1mci stejn\u00e9ho uzav\u0159en\u00e9ho are\u00e1lu.<\/span><\/span><\/p>\n<p><span style=\"font-family: , sans-serif\">\u00dadaje byly shrom\u00e1\u017ed\u011bny v lednu 2023. <\/span><\/p>\n<p>Pod\u00edvejte se tak\u00e9 na na\u0161eho pr\u016fvodce <a href=\"https:\/\/moverdb.com\/cs\/kontejnerova-preprava\/\">Graf sazeb mezin\u00e1rodn\u00ed kontejnerov\u00e9 dopravy<\/a>.<\/p>","protected":false},"excerpt":{"rendered":"<p>Heads of state play a symbolic role as the figurehead of the country that they lead. Their homes should be fit for a king, president or supreme leader, and it is in the national interest that this residence should embody their country\u2019s identity, values and ambitions. So, these homes are often big and showy. Still, [&hellip;]<\/p>\n","protected":false},"author":6,"featured_media":8602,"comment_status":"open","ping_status":"open","sticky":false,"template":"","format":"standard","meta":{"_genesis_hide_title":false,"_genesis_hide_breadcrumbs":false,"_genesis_hide_singular_image":false,"_genesis_hide_footer_widgets":false,"_genesis_custom_body_class":"","_genesis_custom_post_class":"","_genesis_layout":"full-width-content","footnotes":""},"categories":[4],"tags":[],"class_list":{"0":"post-8601","1":"post","2":"type-post","3":"status-publish","4":"format-standard","5":"has-post-thumbnail","7":"category-housing","8":"entry"},"_links":{"self":[{"href":"https:\/\/moverdb.com\/cs\/wp-json\/wp\/v2\/posts\/8601","targetHints":{"allow":["GET"]}}],"collection":[{"href":"https:\/\/moverdb.com\/cs\/wp-json\/wp\/v2\/posts"}],"about":[{"href":"https:\/\/moverdb.com\/cs\/wp-json\/wp\/v2\/types\/post"}],"author":[{"embeddable":true,"href":"https:\/\/moverdb.com\/cs\/wp-json\/wp\/v2\/users\/6"}],"replies":[{"embeddable":true,"href":"https:\/\/moverdb.com\/cs\/wp-json\/wp\/v2\/comments?post=8601"}],"version-history":[{"count":41,"href":"https:\/\/moverdb.com\/cs\/wp-json\/wp\/v2\/posts\/8601\/revisions"}],"predecessor-version":[{"id":13216,"href":"https:\/\/moverdb.com\/cs\/wp-json\/wp\/v2\/posts\/8601\/revisions\/13216"}],"wp:featuredmedia":[{"embeddable":true,"href":"https:\/\/moverdb.com\/cs\/wp-json\/wp\/v2\/media\/8602"}],"wp:attachment":[{"href":"https:\/\/moverdb.com\/cs\/wp-json\/wp\/v2\/media?parent=8601"}],"wp:term":[{"taxonomy":"category","embeddable":true,"href":"https:\/\/moverdb.com\/cs\/wp-json\/wp\/v2\/categories?post=8601"},{"taxonomy":"post_tag","embeddable":true,"href":"https:\/\/moverdb.com\/cs\/wp-json\/wp\/v2\/tags?post=8601"}],"curies":[{"name":"wp","href":"https:\/\/api.w.org\/{rel}","templated":true}]}}